{"id":3396,"date":"2026-04-23T18:28:52","date_gmt":"2026-04-23T16:28:52","guid":{"rendered":"https:\/\/aefpi.com\/?p=3396"},"modified":"2026-04-23T19:00:06","modified_gmt":"2026-04-23T17:00:06","slug":"oscar-higuera-rodriguez-es-miembro-activo-de-aefpi-en-la-pro-mocion-del-deporte-inclusivo-exciclista-para-limpico","status":"publish","type":"post","link":"https:\/\/aefpi.com\/en\/oscar-higuera-rodriguez-es-miembro-activo-de-aefpi-en-la-pro-mocion-del-deporte-inclusivo-exciclista-para-limpico\/","title":{"rendered":"OSCAR HIGUERA RODRIGU\u00c9Z ES MIEMBRO ACTIVO DE AEFPI EN LA PRO MOCI\u00d3N DEL DEPORTE INCLUSIVO. EXCICLISTA PARA L\u00cdMPICO."},"content":{"rendered":"<div data-elementor-type=\"wp-post\" data-elementor-id=\"3396\" class=\"elementor elementor-3396\">\n\t\t\t\t<div class=\"elementor-element elementor-element-49bcd75 e-flex e-con-boxed e-con e-parent\" data-id=\"49bcd75\" data-element_type=\"container\" data-e-type=\"container\">\n\t\t\t\t\t<div class=\"e-con-inner\">\n\t\t<div class=\"elementor-element elementor-element-446dcbe e-con-full e-flex e-con e-child\" data-id=\"446dcbe\" data-element_type=\"container\" data-e-type=\"container\">\n\t\t\t\t<div class=\"elementor-element elementor-element-5ea8126 elementor-widget elementor-widget-heading\" data-id=\"5ea8126\" data-element_type=\"widget\" data-e-type=\"widget\" data-widget_type=\"heading.default\">\n\t\t\t\t\t<h3 class=\"elementor-heading-title elementor-size-default\">El exciclista paral\u00edmpico comparte en Algeciras su historia de superaci\u00f3n junto a AEFPI, en una entrevista marcada por la recuperaci\u00f3n, el sacrificio y una nueva etapa tras la \u00e9lite.<\/h3>\t\t\t\t<\/div>\n\t\t\t\t<div class=\"elementor-element elementor-element-3c36d16 elementor-widget elementor-widget-text-editor\" data-id=\"3c36d16\" data-element_type=\"widget\" data-e-type=\"widget\" data-widget_type=\"text-editor.default\">\n\t\t\t\t\t\t\t\t\t<a style=\"font-weight: 900;\">La tercera Feria del Deporte de\u00a0Algeciras<\/a>\u00a0ha dejado uno de los testimonios m\u00e1s completos y significativos de la jornada con la presencia de <a style=\"font-weight: 900;\">\u00d3scar Higuera,<\/a> en una entrevista impulsada por la labor de\u00a0<a style=\"font-weight: 900; color: #109c6f;\">AEFPI (Asociaci\u00f3n Espa\u00f1ola para la Formaci\u00f3n Inclusiva)<\/a>. El exciclista paral\u00edmpico repas\u00f3 su retirada, las lesiones que marcaron su vida y el proceso que le permiti\u00f3 reconstruirse hasta competir al m\u00e1ximo nivel, en un encuentro que puso en valor el papel de la\u00a0inclusi\u00f3n\u00a0en el deporte en el\u00a0Campo de Gibraltar.\n<h4><strong><a style=\"font-weight: 900; color: #109c6f;\">AEFPI,<\/a><span style=\"color: #005e8a;\"><a style=\"font-weight: 900; color: #005e8a;\"> clave en la visibilidad y la inclusi\u00f3n<\/a><\/span><\/strong><\/h4>\n<a style=\"font-weight: 900;\">La presencia de Higuera en la feria no fue casual. La participaci\u00f3n del deportista ha sido posible gracias al trabajo de\u00a0<\/a><a style=\"font-weight: 900; color:  #109c6f;\">AEFPI,<\/a> <a style=\"font-weight: 900;\">entidad centrada en la\u00a0formaci\u00f3n inclusiva y en generar oportunidades para personas con distintas capacidades a trav\u00e9s del deporte y la educaci\u00f3n.<\/a>\n<a style=\"font-weight: 900;\">Desde la organizaci\u00f3n, se destac\u00f3 la importancia de dar visibilidad a historias reales de superaci\u00f3n como la de Higuera,<\/a> que sirven de referencia para personas que atraviesan situaciones similares. La colaboraci\u00f3n con este tipo de eventos permite acercar el deporte adaptado a la ciudadan\u00eda y reforzar el mensaje de que existen alternativas reales tras una lesi\u00f3n o una situaci\u00f3n complicada.<\/p>\n\n<h4 data-section-id=\"1n2idd5\" data-start=\"1657\" data-end=\"1691\"><strong><span style=\"color: #005e8a;\">Una nueva vida tras la retirada<\/span><\/strong><\/h4>\n<p data-start=\"1693\" data-end=\"1941\">Alejado de la competici\u00f3n desde el pasado a\u00f1o, Higuera explica que ha entrado en una etapa completamente diferente. <a style=\"font-weight: 900; color: #109c6f;\">Durante a\u00f1os, su vida estuvo centrada en el rendimiento, con una rutina exigente basada en entrenamientos, descanso y competicione<\/a>.<\/p>\n<p data-start=\"1943\" data-end=\"2244\">Ahora, el exciclista <a style=\"font-weight: 900; \">ha reorientado su tiempo hacia nuevos proyectos personales y sociales. Entre ellos, destaca su implicaci\u00f3n en iniciativas solidarias y su colaboraci\u00f3n con\u00a0protectoras de animales,<\/a> una actividad que le permite mantenerse activo y conectado con causas que considera importantes.<\/p>\n\n<h4 data-section-id=\"1mv1vuc\" data-start=\"2246\" data-end=\"2285\"><strong><span style=\"color: #005e8a;\">Los accidentes que lo cambiaron todo<\/span><\/strong><\/h4>\n<p data-start=\"2287\" data-end=\"2519\">Antes de su etapa en el ciclismo paral\u00edmpico, <a style=\"font-weight: 900;\">Higuera practicaba motociclismo amateur.<\/a> Sin embargo, varios accidentes graves marcaron un punto de inflexi\u00f3n en su vida, oblig\u00e1ndole a abandonar esa disciplina y replantearse su futuro.<\/p>\nDurante los periodos de hospitalizaci\u00f3n, el objetivo inicial era recuperar la normalidad. No obstante, la gravedad de las lesiones le oblig\u00f3 a asumir nuevas limitaciones y buscar alternativas. Fue en ese momento cuando el deporte volvi\u00f3 a aparecer como una v\u00eda de reconstrucci\u00f3n personal.<\/p>\n\n<h4 data-section-id=\"18xwvyn\" data-start=\"2811\" data-end=\"2847\"><strong><span style=\"color: #005e8a;\">Una recuperaci\u00f3n dura y constante<\/span><\/strong><\/h4>\nEl proceso de rehabilitaci\u00f3n estuvo marcado por el\u00a0dolor f\u00edsico\u00a0y la exigencia diaria. <a style=\"font-weight: 900;\">Higuera recuerda especialmente la dificultad de los primeros pasos, cuando incluso necesitaba ayuda para subirse a la bicicleta.<\/a><\/p>\nLa recuperaci\u00f3n no fue lineal, con avances y retrocesos constantes. A pesar de ello, mantuvo el foco en mejorar progresivamente, sin marcarse objetivos a largo plazo en un primer momento. Esa constancia fue clave para poder avanzar.<\/p>\n\n<h4 data-section-id=\"1wu6fh1\" data-start=\"3304\" data-end=\"3340\"><span style=\"color: #005e8a;\"><strong>El ciclismo como punto de partida<\/strong><\/span><\/h4>\n<a style=\"font-weight: 900;\">Con el tiempo, el ciclismo pas\u00f3 de ser una herramienta de recuperaci\u00f3n a convertirse en un objetivo competitivo.<\/a> El descubrimiento del ciclismo paral\u00edmpico supuso un cambio importante, al ofrecerle una nueva motivaci\u00f3n.<\/p>\n<p data-start=\"3563\" data-end=\"3767\">Aunque inicialmente desconoc\u00eda el nivel de la disciplina, Higuera decidi\u00f3 apostar por ello. A partir de ah\u00ed, inici\u00f3 una preparaci\u00f3n exigente que le permiti\u00f3 evolucionar r\u00e1pidamente dentro de este deporte.<\/p>\n\n<h4 data-section-id=\"tvupen\" data-start=\"3769\" data-end=\"3805\"><strong><span style=\"color: #005e8a;\">De la superaci\u00f3n a los resultados<\/span><\/strong><\/h4>\nEl esfuerzo dio sus frutos en forma de resultados. <a style=\"font-weight: 900;\">Higuera logr\u00f3 proclamarse campe\u00f3n de Espa\u00f1a y consigui\u00f3 un\u00a0bronce en la Copa del Mundo, hitos que marcaron su trayectoria deportiva.<\/a><\/p>\nEstos logros no solo reflejan su nivel competitivo, sino tambi\u00e9n el proceso de superaci\u00f3n personal que hay detr\u00e1s de cada uno de ellos. Pas\u00f3 de una situaci\u00f3n de rehabilitaci\u00f3n a competir a nivel internacional en un periodo relativamente corto.<\/p>\n\n<h4 data-section-id=\"tnz4rk\" data-start=\"4245\" data-end=\"4282\"><strong><span style=\"color: #005e8a;\">El sacrificio del deporte de \u00e9lite<\/span><\/strong><\/h4>\nDurante la entrevista, el exciclista puso el foco en el sacrificio que implica el deporte profesional. Seg\u00fan explic\u00f3, <a style=\"font-weight: 900;\">alcanzar el m\u00e1ximo nivel supone renunciar a gran parte de la vida personal, centr\u00e1ndose exclusivamente en el rendimiento.<\/a><\/p>\nTambi\u00e9n destac\u00f3 <a style=\"font-weight: 900;\">el papel fundamental de la familia, tanto en el apoyo emocional como en el econ\u00f3mico, especialmente en las primeras etapa<\/a>. La inversi\u00f3n necesaria para competir es elevada y, en muchos casos, recae en el entorno cercano.<\/p>\n\n<h4 data-section-id=\"epmcl4\" data-start=\"4763\" data-end=\"4810\"><strong><span style=\"color: #005e8a;\">La importancia de la inclusi\u00f3n en el deporte<\/span><\/strong><\/h4>\nEn este contexto, <a style=\"font-weight: 900;\">Higuera valor\u00f3 positivamente el avance del ciclismo adaptado en Espa\u00f1a,<\/a> aunque considera que todav\u00eda quedan aspectos por mejorar, especialmente en materia de\u00a0apoyo econ\u00f3mico\u00a0y visibilidad.<\/p>\n<a style=\"font-weight: 900;\">El trabajo de entidades como<\/a><a style=\"font-weight: 900; color: #109c6f;\"> AEFPI<\/a> <a style=\"font-weight: 900;\">resulta clave para seguir impulsando este crecimiento, facilitando el acceso al deporte a personas que, de otro modo, tendr\u00edan m\u00e1s dificultades para encontrar oportunidades.<\/a><\/p>\n\n<h4 data-section-id=\"4jbvpc\" data-start=\"5234\" data-end=\"5270\"><strong><span style=\"color: #005e8a;\">Una retirada con nuevos objetivos<\/span><\/strong><\/h4>\nA diferencia de otros deportistas, Higuera prepar\u00f3 su retirada de forma progresiva. Esto le permiti\u00f3 afrontar el cambio sin un impacto brusco, contando ya con proyectos personales en marcha.<\/p>\n<a style=\"font-weight: 900;\">Actualmente, tambi\u00e9n dedica parte de su tiempo a orientar a otras personas que atraviesan procesos similares, compartiendo su experiencia y aportando una visi\u00f3n pr\u00e1ctica sobre c\u00f3mo afrontar situaciones complejas.<\/a><\/p>\n\n<h4 data-section-id=\"ndiebf\" data-start=\"5678\" data-end=\"5718\"><span style=\"color: #005e8a;\"><strong>Un mensaje claro desde la experiencia<\/strong><\/span><\/h4>\nComo reflexi\u00f3n final, <a style=\"font-weight: 900;\">Higuera insiste en la importancia de buscar alternativas en momentos dif\u00edciles.<\/a> Considera que, aunque cada caso es diferente,<a style=\"font-weight: 900;\"> mantener una actitud activa y enfocada en nuevos objetivos puede marcar la diferencia.<\/a><\/p>\nSu historia, compartida en un entorno impulsado por <a style=\"font-weight: 900; color: #109c6f;\">AEFPI,<\/a> <a style=\"font-weight: 900;\">refuerza la idea de que el deporte puede ser una herramienta clave para la\u00a0inclusi\u00f3n\u00a0y la recuperaci\u00f3n personal.<\/a><\/p>\n\n<h4 data-section-id=\"14eqjz7\" data-start=\"6133\" data-end=\"6157\"><strong><span style=\"color: #005e8a;\">La verdadera victoria<\/span><\/strong><\/h4>\nM\u00e1s all\u00e1 de t\u00edtulos y medallas, Higuera tiene claro cu\u00e1l ha sido su mayor logro. No est\u00e1 en el palmar\u00e9s, sino en el proceso.<\/p>\nPara \u00e9l, <a style=\"font-weight: 900;\">la gran victoria ha sido\u00a0volver al ciclismo<\/a>, en un momento en el que parec\u00eda imposible, demostrando que siempre existe una segunda oportunidad.<\/p>\t\t\t\t\t\t\t\t<\/div>\n\t\t\t\t<\/div>\n\t\t<div class=\"elementor-element elementor-element-b04309f e-con-full e-flex e-con e-child\" data-id=\"b04309f\" data-element_type=\"container\" data-e-type=\"container\">\n\t\t\t\t<div class=\"elementor-element elementor-element-2c6cc9b elementor-widget elementor-widget-image\" data-id=\"2c6cc9b\" data-element_type=\"widget\" data-e-type=\"widget\" data-widget_type=\"image.default\">\n\t\t\t\t\t\t\t\t\t\t\t\t\t\t\t<img fetchpriority=\"high\" decoding=\"async\" width=\"768\" height=\"1024\" src=\"https:\/\/aefpi.com\/wp-content\/uploads\/2026\/04\/Noticia-23-04-2026-1-768x1024.png\" class=\"attachment-large size-large wp-image-3402\" alt=\"\" srcset=\"https:\/\/aefpi.com\/wp-content\/uploads\/2026\/04\/Noticia-23-04-2026-1-768x1024.png 768w, https:\/\/aefpi.com\/wp-content\/uploads\/2026\/04\/Noticia-23-04-2026-1-225x300.png 225w, https:\/\/aefpi.com\/wp-content\/uploads\/2026\/04\/Noticia-23-04-2026-1-1152x1536.png 1152w, https:\/\/aefpi.com\/wp-content\/uploads\/2026\/04\/Noticia-23-04-2026-1-9x12.png 9w, https:\/\/aefpi.com\/wp-content\/uploads\/2026\/04\/Noticia-23-04-2026-1.png 1200w\" sizes=\"(max-width: 768px) 100vw, 768px\" \/>\t\t\t\t\t\t\t\t\t\t\t\t\t\t\t<\/div>\n\t\t\t\t<\/div>\n\t\t\t\t\t<\/div>\n\t\t\t\t<\/div>\n\t\t<div class=\"elementor-element elementor-element-b6b0e6d e-con-full e-flex e-con e-parent\" data-id=\"b6b0e6d\" data-element_type=\"container\" data-e-type=\"container\">\n\t\t<div class=\"elementor-element elementor-element-dd21a4f e-con-full e-flex e-con e-child\" data-id=\"dd21a4f\" data-element_type=\"container\" data-e-type=\"container\">\n\t\t<div class=\"elementor-element elementor-element-acd902d e-con-full e-flex e-con e-child\" data-id=\"acd902d\" data-element_type=\"container\" data-e-type=\"container\">\n\t\t<div class=\"elementor-element elementor-element-d6950c2 e-con-full e-flex e-con e-child\" data-id=\"d6950c2\" data-element_type=\"container\" data-e-type=\"container\">\n\t\t<div class=\"elementor-element elementor-element-1147dfc e-con-full e-flex e-con e-child\" data-id=\"1147dfc\" data-element_type=\"container\" data-e-type=\"container\">\n\t\t<div class=\"elementor-element elementor-element-e9eb016 e-con-full e-flex e-con e-child\" data-id=\"e9eb016\" data-element_type=\"container\" data-e-type=\"container\">\n\t\t<div class=\"elementor-element elementor-element-dd979d4 e-con-full e-flex e-con e-child\" data-id=\"dd979d4\" data-element_type=\"container\" data-e-type=\"container\">\n\t\t<div class=\"elementor-element elementor-element-03d9876 e-con-full e-flex e-con e-child\" data-id=\"03d9876\" data-element_type=\"container\" data-e-type=\"container\">\n\t\t<div class=\"elementor-element elementor-element-b90e552 e-con-full e-flex e-con e-child\" data-id=\"b90e552\" data-element_type=\"container\" data-e-type=\"container\">\n\t\t<div class=\"elementor-element elementor-element-789d4e5 e-con-full e-flex e-con e-child\" data-id=\"789d4e5\" data-element_type=\"container\" data-e-type=\"container\" data-settings=\"{&quot;background_background&quot;:&quot;gradient&quot;}\">\n\t\t<div class=\"elementor-element elementor-element-e4b2359 e-con-full e-flex e-con e-child\" data-id=\"e4b2359\" data-element_type=\"container\" data-e-type=\"container\">\n\t\t\t\t<div class=\"elementor-element elementor-element-b3f15d8 elementor-widget elementor-widget-contact\" data-id=\"b3f15d8\" data-element_type=\"widget\" data-e-type=\"widget\" data-settings=\"{&quot;box_shape&quot;:&quot;sharp&quot;}\" data-widget_type=\"contact.default\">\n\t\t\t\t<div class=\"elementor-widget-container\">\n\t\t\t\t\t\t\t<div class=\"has-shape-sharp shape-type-box ehp-contact has-preset-quick-info\">\n\t\t\t<div class=\"ehp-contact__overlay\"><\/div>\n\t\t\t<div class=\"ehp-contact__elements-container\">\n\t\t\t\t\t\t<div class=\"ehp-contact__text-container\">\n\t\t\t<div class=\"ehp-contact__headings\">\n\t\t\t\t<h2 class=\"ehp-contact__heading\">AEFPI<\/h2><p class=\"ehp-contact__description\">\u201cPromovemos una Formaci\u00f3n Profesional inclusiva y accesible para todas las personas. AEFPI, juntos por una educaci\u00f3n sin barreras.\u201d<\/p>\t\t\t<\/div>\n\t\t\t<div class=\"ehp-contact__groups\">\n\t\t\t\t\t\t<div class=\"ehp-contact__group\">\n\t\t\t\t\t<div class=\"ehp-contact__social-icons-container\">\n\t\t\t\t\t\t\t<a aria-label=\"Instagram\" class=\"ehp-contact__social-link elementor-animation-shrink\" rel=\"noopener noreferrer\" href=\"https:\/\/www.instagram.com\/\">\n\t\t\t\t\t<svg aria-hidden=\"true\" class=\"ehp-contact__contact-social-icon e-font-icon-svg e-fab-instagram\" viewbox=\"0 0 448 512\" xmlns=\"http:\/\/www.w3.org\/2000\/svg\"><path d=\"M224.1 141c-63.6 0-114.9 51.3-114.9 114.9s51.3 114.9 114.9 114.9S339 319.5 339 255.9 287.7 141 224.1 141zm0 189.6c-41.1 0-74.7-33.5-74.7-74.7s33.5-74.7 74.7-74.7 74.7 33.5 74.7 74.7-33.6 74.7-74.7 74.7zm146.4-194.3c0 14.9-12 26.8-26.8 26.8-14.9 0-26.8-12-26.8-26.8s12-26.8 26.8-26.8 26.8 12 26.8 26.8zm76.1 27.2c-1.7-35.9-9.9-67.7-36.2-93.9-26.2-26.2-58-34.4-93.9-36.2-37-2.1-147.9-2.1-184.9 0-35.8 1.7-67.6 9.9-93.9 36.1s-34.4 58-36.2 93.9c-2.1 37-2.1 147.9 0 184.9 1.7 35.9 9.9 67.7 36.2 93.9s58 34.4 93.9 36.2c37 2.1 147.9 2.1 184.9 0 35.9-1.7 67.7-9.9 93.9-36.2 26.2-26.2 34.4-58 36.2-93.9 2.1-37 2.1-147.8 0-184.8zM398.8 388c-7.8 19.6-22.9 34.7-42.6 42.6-29.5 11.7-99.5 9-132.1 9s-102.7 2.6-132.1-9c-19.6-7.8-34.7-22.9-42.6-42.6-11.7-29.5-9-99.5-9-132.1s-2.6-102.7 9-132.1c7.8-19.6 22.9-34.7 42.6-42.6 29.5-11.7 99.5-9 132.1-9s102.7-2.6 132.1 9c19.6 7.8 34.7 22.9 42.6 42.6 11.7 29.5 9 99.5 9 132.1s2.7 102.7-9 132.1z\"><\/path><\/svg>\t\t\t\t<\/a>\n\t\t\t\t\t\t\t\t<a aria-label=\"Email\" class=\"ehp-contact__social-link elementor-animation-shrink\" rel=\"noopener noreferrer\" href=\"mailto:info@aefpi.com\">\n\t\t\t\t\t<svg aria-hidden=\"true\" class=\"ehp-contact__contact-social-icon e-font-icon-svg e-far-envelope\" viewbox=\"0 0 512 512\" xmlns=\"http:\/\/www.w3.org\/2000\/svg\"><path d=\"M464 64H48C21.49 64 0 85.49 0 112v288c0 26.51 21.49 48 48 48h416c26.51 0 48-21.49 48-48V112c0-26.51-21.49-48-48-48zm0 48v40.805c-22.422 18.259-58.168 46.651-134.587 106.49-16.841 13.247-50.201 45.072-73.413 44.701-23.208.375-56.579-31.459-73.413-44.701C106.18 199.465 70.425 171.067 48 152.805V112h416zM48 400V214.398c22.914 18.251 55.409 43.862 104.938 82.646 21.857 17.205 60.134 55.186 103.062 54.955 42.717.231 80.509-37.199 103.053-54.947 49.528-38.783 82.032-64.401 104.947-82.653V400H48z\"><\/path><\/svg>\t\t\t\t<\/a>\n\t\t\t\t\t\t<\/div>\n\t\t\t\t<\/div>\n\t\t\t\t\t<\/div>\n\t\t<\/div>\n\t\t\t\t\t<\/div>\n\t\t<\/div>\n\t\t\t\t\t\t<\/div>\n\t\t\t\t<\/div>\n\t\t\t\t<div class=\"elementor-element elementor-element-59a6ffc elementor-hidden-desktop elementor-hidden-mobile elementor-widget elementor-widget-heading\" data-id=\"59a6ffc\" data-element_type=\"widget\" data-e-type=\"widget\" data-widget_type=\"heading.default\">\n\t\t\t\t\t<h2 class=\"elementor-heading-title elementor-size-default\">INFORMACI\u00d3N LEGAL<\/h2>\t\t\t\t<\/div>\n\t\t\t\t<div class=\"elementor-element elementor-element-a9769e5 elementor-hidden-desktop elementor-hidden-mobile elementor-widget elementor-widget-text-editor\" data-id=\"a9769e5\" data-element_type=\"widget\" data-e-type=\"widget\" data-widget_type=\"text-editor.default\">\n\t\t\t\t\t\t\t\t\t<p><a href=\"https:\/\/aefpi.com\/aviso-legal\">Aviso Legal<\/a><\/p><p>Pol\u00edtica de Privacidad<\/p><p>Pol\u00edtica de Cookies<\/p>\t\t\t\t\t\t\t\t<\/div>\n\t\t\t\t<div class=\"elementor-element elementor-element-6c6d38c elementor-hidden-mobile elementor-widget elementor-widget-text-editor\" data-id=\"6c6d38c\" data-element_type=\"widget\" data-e-type=\"widget\" data-widget_type=\"text-editor.default\">\n\t\t\t\t\t\t\t\t\t<p>\u00a9 Copyright 2025 AEFPI. Designed by\u00a0<a href=\"http:\/\/www.rim-ic.com\/\">RIM\u00a0<strong>Inform\u00e1tica<\/strong>\u00a0S.L.<\/a><\/p>\t\t\t\t\t\t\t\t<\/div>\n\t\t\t\t<\/div>\n\t\t<div class=\"elementor-element elementor-element-3da0710 e-con-full e-flex e-con e-child\" data-id=\"3da0710\" data-element_type=\"container\" data-e-type=\"container\">\n\t\t\t\t<div class=\"elementor-element elementor-element-a1e3b75 elementor-widget elementor-widget-heading\" data-id=\"a1e3b75\" data-element_type=\"widget\" data-e-type=\"widget\" data-widget_type=\"heading.default\">\n\t\t\t\t\t<h2 class=\"elementor-heading-title elementor-size-default\">CONTACTO<\/h2>\t\t\t\t<\/div>\n\t\t\t\t<div class=\"elementor-element elementor-element-8ec4693 elementor-widget elementor-widget-text-editor\" data-id=\"8ec4693\" data-element_type=\"widget\" data-e-type=\"widget\" data-widget_type=\"text-editor.default\">\n\t\t\t\t\t\t\t\t\t<p>Misioneras Cocepcionistas,13 Algeciras.<\/p><p>C\u00e1diz Espa\u00f1a.<\/p>\t\t\t\t\t\t\t\t<\/div>\n\t\t\t\t<div class=\"elementor-element elementor-element-d783681 elementor-widget elementor-widget-text-editor\" data-id=\"d783681\" data-element_type=\"widget\" data-e-type=\"widget\" data-widget_type=\"text-editor.default\">\n\t\t\t\t\t\t\t\t\t<p><a href=\"tel:+34640538888\">+34 640 53 88 88<\/a><\/p>\t\t\t\t\t\t\t\t<\/div>\n\t\t\t\t<\/div>\n\t\t<div class=\"elementor-element elementor-element-91c3467 e-con-full elementor-hidden-tablet e-flex e-con e-child\" data-id=\"91c3467\" data-element_type=\"container\" data-e-type=\"container\">\n\t\t\t\t<div class=\"elementor-element elementor-element-5784890 elementor-widget elementor-widget-heading\" data-id=\"5784890\" data-element_type=\"widget\" data-e-type=\"widget\" data-widget_type=\"heading.default\">\n\t\t\t\t\t<h2 class=\"elementor-heading-title elementor-size-default\">INFORMACI\u00d3N LEGAL<\/h2>\t\t\t\t<\/div>\n\t\t\t\t<div class=\"elementor-element elementor-element-3b67f25 elementor-widget elementor-widget-text-editor\" data-id=\"3b67f25\" data-element_type=\"widget\" data-e-type=\"widget\" data-widget_type=\"text-editor.default\">\n\t\t\t\t\t\t\t\t\t<p><a href=\"https:\/\/aefpi.com\/aviso-legal\">Aviso Legal<\/a><\/p><p><a href=\"https:\/\/aefpi.com\/politica-de-privacidad\/\">Pol\u00edtica de Privacidad<\/a><\/p><p><a href=\"https:\/\/aefpi.com\/politica-de-cookies\/\">Pol\u00edtica de Cookies<\/a><\/p>\t\t\t\t\t\t\t\t<\/div>\n\t\t\t\t<div class=\"elementor-element elementor-element-db0847f elementor-hidden-desktop elementor-hidden-tablet elementor-widget elementor-widget-text-editor\" data-id=\"db0847f\" data-element_type=\"widget\" data-e-type=\"widget\" data-widget_type=\"text-editor.default\">\n\t\t\t\t\t\t\t\t\t<p>\u00a9 Copyright 2025 AEFPI. Designed by\u00a0<a href=\"http:\/\/www.rim-ic.com\/\">RIM\u00a0<strong>Inform\u00e1tica<\/strong>\u00a0S.L.<\/a><\/p>\t\t\t\t\t\t\t\t<\/div>\n\t\t\t\t<\/div>\n\t\t\t\t<\/div>\n\t\t\t\t<\/div>\n\t\t\t\t<\/div>\n\t\t\t\t<\/div>\n\t\t\t\t<\/div>\n\t\t\t\t<\/div>\n\t\t\t\t<\/div>\n\t\t\t\t<\/div>\n\t\t\t\t<\/div>\n\t\t\t\t<\/div>\n\t\t\t\t<\/div>","protected":false},"excerpt":{"rendered":"<p>El exciclista paral\u00edmpico comparte en Algeciras su historia de superaci\u00f3n junto a AEFPI, en una entrevista marcada por la recuperaci\u00f3n, el sacrificio y una nueva etapa tras la \u00e9lite&#8230;<\/p>","protected":false},"author":2,"featured_media":3401,"comment_status":"open","ping_status":"open","sticky":false,"template":"","format":"standard","meta":{"footnotes":""},"categories":[1],"tags":[],"class_list":["post-3396","post","type-post","status-publish","format-standard","has-post-thumbnail","hentry","category-noticias-institucionales"],"rttpg_featured_image_url":{"full":["https:\/\/aefpi.com\/wp-content\/uploads\/2026\/04\/Noticia-23-04-2026.png",2048,731,false],"landscape":["https:\/\/aefpi.com\/wp-content\/uploads\/2026\/04\/Noticia-23-04-2026.png",2048,731,false],"portraits":["https:\/\/aefpi.com\/wp-content\/uploads\/2026\/04\/Noticia-23-04-2026.png",2048,731,false],"thumbnail":["https:\/\/aefpi.com\/wp-content\/uploads\/2026\/04\/Noticia-23-04-2026-150x150.png",150,150,true],"medium":["https:\/\/aefpi.com\/wp-content\/uploads\/2026\/04\/Noticia-23-04-2026-300x107.png",300,107,true],"large":["https:\/\/aefpi.com\/wp-content\/uploads\/2026\/04\/Noticia-23-04-2026-1024x366.png",800,286,true],"1536x1536":["https:\/\/aefpi.com\/wp-content\/uploads\/2026\/04\/Noticia-23-04-2026-1536x548.png",1536,548,true],"2048x2048":["https:\/\/aefpi.com\/wp-content\/uploads\/2026\/04\/Noticia-23-04-2026.png",2048,731,false],"trp-custom-language-flag":["https:\/\/aefpi.com\/wp-content\/uploads\/2026\/04\/Noticia-23-04-2026-18x6.png",18,6,true]},"rttpg_author":{"display_name":"AEFPI","author_link":"https:\/\/aefpi.com\/en\/author\/aefpi\/"},"rttpg_comment":0,"rttpg_category":"<a href=\"https:\/\/aefpi.com\/en\/category\/noticias-institucionales\/\" rel=\"category tag\">Noticias Institucionales<\/a>","rttpg_excerpt":"El exciclista paral\u00edmpico comparte en Algeciras su historia de superaci\u00f3n junto a AEFPI, en una entrevista marcada por la recuperaci\u00f3n, el sacrificio y una nueva etapa tras la \u00e9lite...","_links":{"self":[{"href":"https:\/\/aefpi.com\/en\/wp-json\/wp\/v2\/posts\/3396","targetHints":{"allow":["GET"]}}],"collection":[{"href":"https:\/\/aefpi.com\/en\/wp-json\/wp\/v2\/posts"}],"about":[{"href":"https:\/\/aefpi.com\/en\/wp-json\/wp\/v2\/types\/post"}],"author":[{"embeddable":true,"href":"https:\/\/aefpi.com\/en\/wp-json\/wp\/v2\/users\/2"}],"replies":[{"embeddable":true,"href":"https:\/\/aefpi.com\/en\/wp-json\/wp\/v2\/comments?post=3396"}],"version-history":[{"count":5,"href":"https:\/\/aefpi.com\/en\/wp-json\/wp\/v2\/posts\/3396\/revisions"}],"predecessor-version":[{"id":3405,"href":"https:\/\/aefpi.com\/en\/wp-json\/wp\/v2\/posts\/3396\/revisions\/3405"}],"wp:featuredmedia":[{"embeddable":true,"href":"https:\/\/aefpi.com\/en\/wp-json\/wp\/v2\/media\/3401"}],"wp:attachment":[{"href":"https:\/\/aefpi.com\/en\/wp-json\/wp\/v2\/media?parent=3396"}],"wp:term":[{"taxonomy":"category","embeddable":true,"href":"https:\/\/aefpi.com\/en\/wp-json\/wp\/v2\/categories?post=3396"},{"taxonomy":"post_tag","embeddable":true,"href":"https:\/\/aefpi.com\/en\/wp-json\/wp\/v2\/tags?post=3396"}],"curies":[{"name":"wp","href":"https:\/\/api.w.org\/{rel}","templated":true}]}}